{"id":1591,"global_id":"www.the-essence.com\/en\/?id=1591","global_id_lineage":["www.the-essence.com\/en\/?id=1591"],"author":"3","status":"publish","date":"2024-02-20 14:06:04","date_utc":"2024-02-20 13:06:04","modified":"2024-03-06 09:52:57","modified_utc":"2024-03-06 08:52:57","url":"https:\/\/www.the-essence.com\/en\/event\/meditation-und-praxis\/","rest_url":"https:\/\/www.the-essence.com\/en\/wp-json\/tribe\/events\/v1\/events\/1591","title":"Meditation and practice","description":"<p><strong>Ich feiere meinen spirituellen Geburtstag<\/strong><\/p>\n<p>Ein Ereignis, das du unbedingt in deiner Urlaubsplanung ber\u00fccksichtigen solltest!<br \/>\nZu dieser Feier m\u00f6chte ich all meine Freunde einladen. Meine Vision ist, zu diesem besonderen Anlass mit euch gemeinsam eine Umgebung schaffen, in der wir uns kennenlernen, treffen und austauschen k\u00f6nnen; in der wir feiern und Kontakte schmieden k\u00f6nnen. Alle sind eingeladen, der Eintritt frei!<br \/>\nEinige von Euch kommen sicher von weither. Es muss sich also auch lohnen. So wird es um diesen Termin, dem 23.08.2024 herum, eine Reihe spannender Angebote, Retreats, Workshops usw. geben, die einen Eindruck davon vermitteln sollen, was hier in zwei Jahrzehnten, intensiver Entwicklung so alles entstanden ist.<br \/>\nS\u00e4mtliche Veranstaltungen sind kostenlos bzw. auf Spendenbasis. (Um deine Anmeldung verbindlich zu machen, entrichtest du pro gew\u00e4hltem Seminarteil (1,2 oder 3) eine Anmeldegeb\u00fchr von 200 \u20ac. Der Betrag wird nach der Teilnahme zur\u00fcckerstattet)<\/p>\n<p><strong>Teil 1: Eine Woche gemeinsame Meditation und Praxis <\/strong><\/p>\n<p>Das praktizieren in einer Gemeinschaft ist f\u00fcr deine Entwicklung von au\u00dfergew\u00f6hnlichem Wert. Insofern bietet sich diese ganz besondere Chance. Wenn du noch nicht hier bist, miete dich in Waldm\u00fcnchen ein (wenn du eine g\u00fcnstige Unterkunft suchst bitte melden &#8211; ich habe einige reserviert) Wenn du magst, kannst du zweimal t\u00e4glich an der gemeinsamen Praxis (sanfte K\u00f6rper u. Energie\u00fcbungen, morgendliche Meditation teilnehmen (der Schwierigkeitsgrad orientiert sich an der Gruppenzusammensetzung, niemand wird \u00fcberfordert) Beginn morgens 06:15 Uhr bis ca. 08:00 Uhr und Abends von 18:00 bis 19:00 Uhr. Die \u00fcbrige Zeit des Tages steht zur freien Verf\u00fcgung!<\/p>","excerpt":"<p>Das gro\u00dfe The-Essence Sommerspecial Teil 1\/3<\/p>","slug":"meditation-und-praxis","image":{"url":"https:\/\/www.the-essence.com\/wp-content\/uploads\/2022\/03\/The-Essence-Yoga-Workshops-Meditation-opt.jpg","id":1284,"extension":"jpg","width":800,"height":800,"sizes":{"medium":{"width":300,"height":300,"mime-type":"image\/jpeg","url":"https:\/\/www.the-essence.com\/wp-content\/uploads\/2022\/03\/The-Essence-Yoga-Workshops-Meditation-opt-300x300.jpg"},"thumbnail":{"width":150,"height":150,"mime-type":"image\/jpeg","url":"https:\/\/www.the-essence.com\/wp-content\/uploads\/2022\/03\/The-Essence-Yoga-Workshops-Meditation-opt-150x150.jpg"},"medium_large":{"width":768,"height":768,"mime-type":"image\/jpeg","url":"https:\/\/www.the-essence.com\/wp-content\/uploads\/2022\/03\/The-Essence-Yoga-Workshops-Meditation-opt-768x768.jpg"},"blog-large":{"width":669,"height":272,"mime-type":"image\/jpeg","url":"https:\/\/www.the-essence.com\/wp-content\/uploads\/2022\/03\/The-Essence-Yoga-Workshops-Meditation-opt-669x272.jpg"},"blog-medium":{"width":320,"height":202,"mime-type":"image\/jpeg","url":"https:\/\/www.the-essence.com\/wp-content\/uploads\/2022\/03\/The-Essence-Yoga-Workshops-Meditation-opt-320x202.jpg"},"recent-posts":{"width":700,"height":441,"mime-type":"image\/jpeg","url":"https:\/\/www.the-essence.com\/wp-content\/uploads\/2022\/03\/The-Essence-Yoga-Workshops-Meditation-opt-700x441.jpg"},"recent-works-thumbnail":{"width":66,"height":66,"mime-type":"image\/jpeg","url":"https:\/\/www.the-essence.com\/wp-content\/uploads\/2022\/03\/The-Essence-Yoga-Workshops-Meditation-opt-66x66.jpg"},"fusion-200":{"width":200,"height":200,"mime-type":"image\/jpeg","url":"https:\/\/www.the-essence.com\/wp-content\/uploads\/2022\/03\/The-Essence-Yoga-Workshops-Meditation-opt-200x200.jpg"},"fusion-400":{"width":400,"height":400,"mime-type":"image\/jpeg","url":"https:\/\/www.the-essence.com\/wp-content\/uploads\/2022\/03\/The-Essence-Yoga-Workshops-Meditation-opt-400x400.jpg"},"fusion-600":{"width":600,"height":600,"mime-type":"image\/jpeg","url":"https:\/\/www.the-essence.com\/wp-content\/uploads\/2022\/03\/The-Essence-Yoga-Workshops-Meditation-opt-600x600.jpg"}}},"all_day":false,"start_date":"2024-08-19 12:00:00","start_date_details":{"year":"2024","month":"08","day":"19","hour":"12","minutes":"00","seconds":"00"},"end_date":"2024-08-22 12:00:00","end_date_details":{"year":"2024","month":"08","day":"22","hour":"12","minutes":"00","seconds":"00"},"utc_start_date":"2024-08-19 10:00:00","utc_start_date_details":{"year":"2024","month":"08","day":"19","hour":"10","minutes":"00","seconds":"00"},"utc_end_date":"2024-08-22 10:00:00","utc_end_date_details":{"year":"2024","month":"08","day":"22","hour":"10","minutes":"00","seconds":"00"},"timezone":"Europe\/Berlin","timezone_abbr":"CEST","cost":"","cost_details":{"currency_symbol":"","currency_code":"","currency_position":"","values":[]},"website":"https:\/\/www.the-essence.com\/en\/event\/meditation-und-praxis\/","show_map":true,"show_map_link":true,"hide_from_listings":false,"sticky":false,"featured":false,"categories":[],"tags":[],"venue":[],"organizer":[],"custom_fields":[],"json_ld":{"@context":"http:\/\/schema.org","@type":"Event","name":"Meditation and practice","description":"&lt;p&gt;Das gro\u00dfe The-Essence Sommerspecial Teil 1\/3&lt;\/p&gt;\\n","image":"https:\/\/www.the-essence.com\/wp-content\/uploads\/2022\/03\/The-Essence-Yoga-Workshops-Meditation-opt.jpg","url":"https:\/\/www.the-essence.com\/en\/event\/meditation-und-praxis\/","eventAttendanceMode":"https:\/\/schema.org\/OfflineEventAttendanceMode","eventStatus":"https:\/\/schema.org\/EventScheduled","startDate":"2024-08-19T12:00:00+02:00","endDate":"2024-08-22T12:00:00+02:00","performer":"Organization"}}